{"id":8643,"date":"2026-09-04T19:07:45","date_gmt":"2026-09-04T17:07:45","guid":{"rendered":"https:\/\/www.bsg-edeka.de\/aktuelles\/?p=8643"},"modified":"2026-09-04T19:07:45","modified_gmt":"2026-09-04T17:07:45","slug":"die-e-center-dragons-bei-den-day-of-dragons-in-datteln","status":"publish","type":"post","link":"https:\/\/www.bsg-edeka.de\/aktuelles\/die-e-center-dragons-bei-den-day-of-dragons-in-datteln\/","title":{"rendered":"Die E-Center Dragons bei den Day of Dragons in Datteln"},"content":{"rendered":"<p>Am 29. August stand f\u00fcr uns beim Day of Dragons in Datteln die letzte Regatta des Jahres auf dem Programm. Das Wetter zeigte sich dabei deutlich freundlicher als zun\u00e4chst erwartet. Daf\u00fcr wartete auf der 250-Meter-Kurzstrecke ein starkes Teilnehmerfeld bei den Gro\u00dfbooten.<\/p>\n<p>In drei Vorl\u00e4ufen ging es nach einem Punktesystem um die bestm\u00f6gliche Ausgangslage. Den ersten Lauf erwischten wir leider nicht optimal. Mit einer zu hohen Schlagfrequenz fehlte uns am Ende der n\u00f6tige Druck. So erreichten wir Platz drei und damit zwei Punkte.<\/p>\n<p><img loading=\"lazy\" decoding=\"async\" class=\"alignnone size-medium wp-image-8645\" src=\"https:\/\/www.bsg-edeka.de\/wp-content\/uploads\/2026\/09\/002-300x180.jpeg\" alt=\"\" width=\"300\" height=\"180\" \/><\/p>\n<p>Im zweiten Lauf lief es bereits besser, allerdings forderte die hohe Frequenz erneut ihren Tribut. Wieder hie\u00df es Platz drei.<\/p>\n<p><img loading=\"lazy\" decoding=\"async\" class=\"alignnone size-medium wp-image-8648\" src=\"https:\/\/www.bsg-edeka.de\/wp-content\/uploads\/2026\/09\/005-300x196.jpeg\" alt=\"\" width=\"300\" height=\"196\" \/><\/p>\n<p>Im dritten Vorlauf fanden wir dann endlich zu unserem Rhythmus. Mit einer l\u00e4ngeren Schlagfrequenz konnten wir deutlich mehr Druck aufs Blatt bringen, was uns besser deutlich besser liegt. Im Ziel wurde es richtig eng: Fotofinish zwischen den ersten drei Booten. Leider mussten wir uns auch diesmal mit Platz drei begn\u00fcgen.<\/p>\n<p><img loading=\"lazy\" decoding=\"async\" class=\"alignnone size-medium wp-image-8644\" src=\"https:\/\/www.bsg-edeka.de\/wp-content\/uploads\/2026\/09\/001-300x176.jpeg\" alt=\"\" width=\"300\" height=\"176\" \/><\/p>\n<p>Damit ging es f\u00fcr uns im Endlauf um die Pl\u00e4tze 13 bis 16. Und auch hier wurde es wieder denkbar knapp. Im n\u00e4chsten Fotofinish sicherten wir uns Platz zwei im Lauf und beendeten die Regatta auf Platz 14.<\/p>\n<p>Wir hatten uns f\u00fcr den Saisonabschluss mehr vorgenommen. Aber so ist es nun einmal im Sport. Wir nehmen die Erfahrungen mit, haken Datteln ab und schauen nach vorne.<\/p>\n<p><img loading=\"lazy\" decoding=\"async\" class=\"alignnone size-medium wp-image-8649\" src=\"https:\/\/www.bsg-edeka.de\/wp-content\/uploads\/2026\/09\/TeamDatteln2026-300x261.jpeg\" alt=\"\" width=\"300\" height=\"261\" \/><\/p>\n<p>Kopf hoch, Saison vorbei \u2013 n\u00e4chstes Jahr greifen wir wieder an!<\/p>\n","protected":false},"excerpt":{"rendered":"<p>Am 29. August stand f\u00fcr uns beim Day of Dragons in Datteln die letzte Regatta des Jahres auf dem Programm. Das Wetter zeigte sich dabei deutlich freundlicher als zun\u00e4chst erwartet. Daf\u00fcr wartete auf der 250-Meter-Kurzstrecke ein starkes Teilnehmerfeld bei den Gro\u00dfbooten. In drei Vorl\u00e4ufen ging es nach einem Punktesystem um die bestm\u00f6gliche Ausgangslage. Den ersten [&hellip;]<\/p>\n","protected":false},"author":4,"featured_media":0,"comment_status":"closed","ping_status":"closed","sticky":false,"template":"","format":"standard","meta":{"_et_pb_use_builder":"","_et_pb_old_content":"","_et_gb_content_width":"","footnotes":""},"categories":[42],"tags":[],"class_list":["post-8643","post","type-post","status-publish","format-standard","hentry","category-drachenboot"],"_links":{"self":[{"href":"https:\/\/www.bsg-edeka.de\/aktuelles\/wp-json\/wp\/v2\/posts\/8643","targetHints":{"allow":["GET"]}}],"collection":[{"href":"https:\/\/www.bsg-edeka.de\/aktuelles\/wp-json\/wp\/v2\/posts"}],"about":[{"href":"https:\/\/www.bsg-edeka.de\/aktuelles\/wp-json\/wp\/v2\/types\/post"}],"author":[{"embeddable":true,"href":"https:\/\/www.bsg-edeka.de\/aktuelles\/wp-json\/wp\/v2\/users\/4"}],"replies":[{"embeddable":true,"href":"https:\/\/www.bsg-edeka.de\/aktuelles\/wp-json\/wp\/v2\/comments?post=8643"}],"version-history":[{"count":1,"href":"https:\/\/www.bsg-edeka.de\/aktuelles\/wp-json\/wp\/v2\/posts\/8643\/revisions"}],"predecessor-version":[{"id":8650,"href":"https:\/\/www.bsg-edeka.de\/aktuelles\/wp-json\/wp\/v2\/posts\/8643\/revisions\/8650"}],"wp:attachment":[{"href":"https:\/\/www.bsg-edeka.de\/aktuelles\/wp-json\/wp\/v2\/media?parent=8643"}],"wp:term":[{"taxonomy":"category","embeddable":true,"href":"https:\/\/www.bsg-edeka.de\/aktuelles\/wp-json\/wp\/v2\/categories?post=8643"},{"taxonomy":"post_tag","embeddable":true,"href":"https:\/\/www.bsg-edeka.de\/aktuelles\/wp-json\/wp\/v2\/tags?post=8643"}],"curies":[{"name":"wp","href":"https:\/\/api.w.org\/{rel}","templated":true}]}}