{"id":8634,"date":"2026-09-04T18:59:06","date_gmt":"2026-09-04T16:59:06","guid":{"rendered":"https:\/\/www.bsg-edeka.de\/aktuelles\/?p=8634"},"modified":"2026-09-04T18:59:06","modified_gmt":"2026-09-04T16:59:06","slug":"bsg-kanu-wochenende","status":"publish","type":"post","link":"https:\/\/www.bsg-edeka.de\/aktuelles\/bsg-kanu-wochenende\/","title":{"rendered":"BSG Kanu Wochenende"},"content":{"rendered":"<p>Am Samstag den 08. August fand das traditionelle Kanu-Wochenende in Gr\u00f6ningen (Sachsen-Anhalt) statt.<br \/>\nFast 30 Teilnehmer fanden den Weg nach Gr\u00f6ningen.<\/p>\n<p>Gestartet wurde in Wegeleben.<br \/>\nIn Kanadier-Booten fanden sich jeweils 2 oder 3 Teilnehmer zu einem Team zusammen<br \/>\nund steuerten die Boote ca. 10 km stromabw\u00e4rts die Bode runter.<\/p>\n<p><img loading=\"lazy\" decoding=\"async\" class=\"alignnone size-medium wp-image-8638\" src=\"https:\/\/www.bsg-edeka.de\/wp-content\/uploads\/2026\/09\/IMG20240810123543-225x300.jpg\" alt=\"\" width=\"225\" height=\"300\" \/><\/p>\n<p>Die Bode ist ein kleiner, verwunschener Saale-Zufluss. Sie ist fast naturbelassen und so f\u00fchrte der Weg vorbei an umgest\u00fcrzten B\u00e4umen und durch Flachwasser und kleine Stromschnellen. Je nach Paddelschnelligkeit und Pausenh\u00e4ufigkeit dauert so die Tour 2 \u2013 4 Stunden.<br \/>\nAber da die Tour ohne Kentern nur halb so sch\u00f6n w\u00e4re,<br \/>\nnahmen mehrere Bootsbesatzungen bei sch\u00f6nstem Sonnenschein in der Bode ein mehr oder weniger freiwilliges Bad.<br \/>\nAber auch diese Boote kamen nach dem Kentern heile an\u2026<\/p>\n<p><img loading=\"lazy\" decoding=\"async\" class=\"alignnone size-medium wp-image-8636\" src=\"https:\/\/www.bsg-edeka.de\/wp-content\/uploads\/2026\/09\/IMG-20260809-WA0010-300x225.jpg\" alt=\"\" width=\"300\" height=\"225\" \/><\/p>\n<p>Am Abend wurde zur St\u00e4rkung gegrillt<br \/>\nund mit einem gro\u00dfen Lagerfeuer konnte der Tag ausklingen.<\/p>\n<p><img loading=\"lazy\" decoding=\"async\" class=\"alignnone size-medium wp-image-8637\" src=\"https:\/\/www.bsg-edeka.de\/wp-content\/uploads\/2026\/09\/IMG-20250816-WA0036-225x300.jpg\" alt=\"\" width=\"225\" height=\"300\" \/><\/p>\n<p>Fazit der Teilnehmer:<br \/>\nEin tolles Wochenende und eine sch\u00f6ne Paddeltour!<\/p>\n<p><img loading=\"lazy\" decoding=\"async\" class=\"alignnone size-medium wp-image-8635\" src=\"https:\/\/www.bsg-edeka.de\/wp-content\/uploads\/2026\/09\/IMG-20260809-WA0002-300x261.jpg\" alt=\"\" width=\"300\" height=\"261\" \/><\/p>\n<p>Ach ja, einen Termin f\u00fcr das kommende Kanu Wochenende gibt es auch schon! Es ist Samstag der 14.08.2027<\/p>\n<p>&nbsp;<\/p>\n","protected":false},"excerpt":{"rendered":"<p>Am Samstag den 08. August fand das traditionelle Kanu-Wochenende in Gr\u00f6ningen (Sachsen-Anhalt) statt. Fast 30 Teilnehmer fanden den Weg nach Gr\u00f6ningen. Gestartet wurde in Wegeleben. In Kanadier-Booten fanden sich jeweils 2 oder 3 Teilnehmer zu einem Team zusammen und steuerten die Boote ca. 10 km stromabw\u00e4rts die Bode runter. Die Bode ist ein kleiner, verwunschener [&hellip;]<\/p>\n","protected":false},"author":4,"featured_media":0,"comment_status":"closed","ping_status":"closed","sticky":false,"template":"","format":"standard","meta":{"_et_pb_use_builder":"","_et_pb_old_content":"","_et_gb_content_width":"","footnotes":""},"categories":[1],"tags":[],"class_list":["post-8634","post","type-post","status-publish","format-standard","hentry","category-allgemein"],"_links":{"self":[{"href":"https:\/\/www.bsg-edeka.de\/aktuelles\/wp-json\/wp\/v2\/posts\/8634","targetHints":{"allow":["GET"]}}],"collection":[{"href":"https:\/\/www.bsg-edeka.de\/aktuelles\/wp-json\/wp\/v2\/posts"}],"about":[{"href":"https:\/\/www.bsg-edeka.de\/aktuelles\/wp-json\/wp\/v2\/types\/post"}],"author":[{"embeddable":true,"href":"https:\/\/www.bsg-edeka.de\/aktuelles\/wp-json\/wp\/v2\/users\/4"}],"replies":[{"embeddable":true,"href":"https:\/\/www.bsg-edeka.de\/aktuelles\/wp-json\/wp\/v2\/comments?post=8634"}],"version-history":[{"count":2,"href":"https:\/\/www.bsg-edeka.de\/aktuelles\/wp-json\/wp\/v2\/posts\/8634\/revisions"}],"predecessor-version":[{"id":8642,"href":"https:\/\/www.bsg-edeka.de\/aktuelles\/wp-json\/wp\/v2\/posts\/8634\/revisions\/8642"}],"wp:attachment":[{"href":"https:\/\/www.bsg-edeka.de\/aktuelles\/wp-json\/wp\/v2\/media?parent=8634"}],"wp:term":[{"taxonomy":"category","embeddable":true,"href":"https:\/\/www.bsg-edeka.de\/aktuelles\/wp-json\/wp\/v2\/categories?post=8634"},{"taxonomy":"post_tag","embeddable":true,"href":"https:\/\/www.bsg-edeka.de\/aktuelles\/wp-json\/wp\/v2\/tags?post=8634"}],"curies":[{"name":"wp","href":"https:\/\/api.w.org\/{rel}","templated":true}]}}